{"id":25826,"date":"2022-05-30T10:46:04","date_gmt":"2022-05-30T09:46:04","guid":{"rendered":"https:\/\/www.sheffieldhaworth.com\/nos-estamos-olvidando-de-la-discapacidad-fisica-cuando-se-trata-de-diversidad-equidad-e-inclusion\/"},"modified":"2025-08-04T17:30:48","modified_gmt":"2025-08-04T16:30:48","slug":"nos-estamos-olvidando-de-la-discapacidad-fisica-cuando-se-trata-de-diversidad-equidad-e-inclusion","status":"publish","type":"post","link":"https:\/\/www.sheffieldhaworth.com\/es\/nos-estamos-olvidando-de-la-discapacidad-fisica-cuando-se-trata-de-diversidad-equidad-e-inclusion\/","title":{"rendered":"<strong>\u00bfNos estamos olvidando de la Discapacidad F\u00edsica cuando se trata de Diversidad, Equidad e Inclusi\u00f3n?<\/strong>"},"content":{"rendered":"\n<p><strong>Demasiadas organizaciones no est\u00e1n prestando a la discapacidad f\u00edsica la atenci\u00f3n que necesita para superar el estigma y aumentar la representaci\u00f3n, as\u00ed que \u00bfqu\u00e9 puedes hacer para asegurarte de no caer en la misma trampa?<\/strong><\/p>\n\n<p><strong>Por Sahana Gabriel, Consultora Asociada, Sheffield Haworth Australia<\/strong><\/p>\n\n<p>M\u00e1s de <a href=\"https:\/\/www.aihw.gov.au\/reports\/disability\/people-with-disability-in-australia\/contents\/people-with-disability\/prevalence-of-disability\">una de cada seis personas<\/a> en Australia tiene una discapacidad f\u00edsica. Globalmente, las estimaciones var\u00edan entre <a href=\"https:\/\/www.worldbank.org\/en\/topic\/disability#1\">mil<\/a> y <a href=\"https:\/\/wearepurple.org.uk\/business\/\">dos mil millones de<\/a> personas, o entre el 15% y el 37,5% de la poblaci\u00f3n mundial. Sin embargo, a pesar de lo com\u00fan que es la discapacidad f\u00edsica, sigue habiendo un estigma asociado a ella. Este estigma puede ser muy perjudicial para las perspectivas de empleo de las personas, y eso es decir poco.   <\/p>\n\n<p>Todav\u00eda el a\u00f1o pasado, la Oficina de Estad\u00edsticas Laborales de EE.UU. descubri\u00f3 que la tasa de desempleo de las personas con discapacidad era <a href=\"https:\/\/www.bls.gov\/news.release\/empsit.t06.htm\">m\u00e1s del doble<\/a> que la de las personas sin discapacidad. Durante un proyecto de b\u00fasqueda de directivos en el que se me encarg\u00f3 espec\u00edficamente que buscara candidatos con discapacidades f\u00edsicas, \u00e9stos me dijeron que normalmente no revelan sus discapacidades cuando solicitan un empleo, ya que ello supone un obst\u00e1culo para ser contratados, o incluso para llegar a la fase de entrevista. <\/p>\n\n<p><strong><em>\u00abDemasiadas empresas se frenan a la hora de contratar a personas con discapacidad\u00bb.<\/em><\/strong><\/p>\n\n<p>Seg\u00fan esta <a href=\"https:\/\/www.youtube.com\/watch?v=W3_RjJtd6Eo\">charla TEDx<\/a> sobre la integraci\u00f3n de la discapacidad en el lugar de trabajo de la empresaria y consultora de RRHH Lesa Bradshaw: \u00abVemos las discapacidades de las personas y juzgamos sus capacidades bas\u00e1ndonos en eso&#8230; El problema en el lugar de trabajo es que, si tienes puntos de referencia bajos, no ves el valor que esa persona puede aportar realmente a tu organizaci\u00f3n\u00bb.<\/p>\n\n<p>Como dice un art\u00edculo de la <a href=\"https:\/\/hbr.org\/2019\/06\/4-ways-to-improve-your-companys-disability-inclusion-practices\">Harvard Business Review<\/a> \u00ab&#8230; demasiadas empresas se frenan a la hora de contratar a personas con discapacidad. Consideran que contratar a (algunas) personas con discapacidad es &#8216;lo correcto&#8217;, pero no lo ven como parte de una estrategia de talento que beneficiar\u00e1 a la empresa y compensar\u00e1 lo que consideran gastos y riesgos potenciales.\u00bb<\/p>\n\n<p><strong>\u00bfPor qu\u00e9 no hablamos de esto?<\/strong><\/p>\n\n<p>Si no se discrimina a las personas con discapacidades f\u00edsicas, \u00bfpor qu\u00e9 se les presta tan poca atenci\u00f3n en la conversaci\u00f3n general sobre DEI (diversidad, equidad e inclusi\u00f3n)?<\/p>\n\n<p>La Sra. Bradshaw -que naci\u00f3 con Atrofia Muscular Espinal- explica bien esta disparidad en su charla TEDx, diciendo: \u00abLas empresas nos hemos gastado una fortuna en promover la diversidad&#8230; el g\u00e9nero y la raza a\u00f1aden valor. No podemos juzgar a las personas bas\u00e1ndonos en nuestros estereotipos. Entonces, \u00bfpor qu\u00e9 la gente sigue dirigi\u00e9ndose a m\u00ed con esa voz cantarina de l\u00e1stima y me atribuye la capacidad cognitiva de un ni\u00f1o de cinco a\u00f1os?\u00bb.<\/p>\n\n<p><strong><em>  \u00abCuando se trata de personas con deficiencias f\u00edsicas, no hay un impulso proactivo para aumentar la representaci\u00f3n\u00bb.<\/em><\/strong><\/p>\n\n<p>Es habitual que las empresas sean proactivas a la hora de contratar para la diversidad de g\u00e9nero o \u00e9tnica, pero esto es casi inaudito cuando se trata de una discapacidad f\u00edsica. El proyecto que he mencionado antes fue el \u00fanico en seis a\u00f1os en el que un cliente pidi\u00f3 espec\u00edficamente candidatos con discapacidad. <\/p>\n\n<p>Como parte del Grupo de Discapacidad F\u00edsica de Sheffield Haworth, debatimos peri\u00f3dicamente sobre este reto y sobre qu\u00e9 hacer al respecto. En resumen, creo que hay tres cosas que las empresas deben hacer si quieren ser m\u00e1s inclusivas con las personas con deficiencias f\u00edsicas. <\/p>\n\n<p><strong>1. Aumenta tu conciencia<\/strong><\/p>\n\n<p>Como ya hemos dicho, la discapacidad f\u00edsica no recibe la misma atenci\u00f3n que el g\u00e9nero, la etnia, la neurodiversidad, la representaci\u00f3n LGBTQ+ o incluso la diversidad cognitiva. En general, las empresas tratan activamente de mejorar su diversidad en estos \u00e1mbitos. Piden listas de candidatos m\u00e1s diversas utilizando estos criterios. Cuando se trata de la discapacidad f\u00edsica, sencillamente no es as\u00ed.   <\/p>\n\n<p>Probablemente tengas un objetivo de representaci\u00f3n femenina en tu organizaci\u00f3n, o un objetivo para aumentar el porcentaje de personas de color en tu plantilla. \u00bfTienes un objetivo similar para las personas con discapacidades f\u00edsicas? Si no es as\u00ed, \u00bfpor qu\u00e9 no?  <\/p>\n\n<p>\u00bfDispones de un grupo de recursos para empleados con discapacidades f\u00edsicas para poner de relieve los retos actuales y las posibles soluciones, o para aportar ideas sobre c\u00f3mo ser m\u00e1s atractivos para los nuevos empleados con discapacidades f\u00edsicas? Si no es as\u00ed, \u00bfpor qu\u00e9 no? <\/p>\n\n<p><strong>2. Comunica tu compromiso<\/strong><\/p>\n\n<p>Si est\u00e1s comprometido con la igualdad y la inclusi\u00f3n de las personas con discapacidad f\u00edsica, \u00bflo est\u00e1s comunicando? Hay varias formas de hacerlo, por ejemplo <\/p>\n\n<ul class=\"wp-block-list\"><li>Incluir en tu sitio web una declaraci\u00f3n sobre tu compromiso con la inclusi\u00f3n de las personas con deficiencias f\u00edsicas<\/li><li>Revisar tus contratos y procedimientos para eliminar el sesgo inconsciente &#8211; y comunicar que lo est\u00e1s haciendo<\/li><li>Publicar un compromiso para aumentar tu porcentaje de empleados con deficiencias f\u00edsicas<\/li><li>A\u00f1adiendo una declaraci\u00f3n a tus especificaciones y anuncios de trabajo que diga algo como \u00abSomos un empleador inclusivo y animamos a las personas con discapacidades f\u00edsicas a que presenten su candidatura\u00bb.<\/li><li>Entrevistar a los empleados existentes con discapacidades f\u00edsicas y destacar sus contribuciones a la empresa a trav\u00e9s de blogs peri\u00f3dicos o publicaciones en LinkedIn<\/li><\/ul>\n\n<p><strong>3. Forma a tus directivos<\/strong><\/p>\n\n<p>Es un hecho que, como empresario, tienes que hacer ajustes razonables para los empleados con discapacidades f\u00edsicas, como instalar una rampa para los usuarios de sillas de ruedas o una alarma de incendios audiovisual para los empleados sordos o con problemas de audici\u00f3n.<\/p>\n\n<p>Lo m\u00e1s importante es formar a los directivos para que sean m\u00e1s conscientes de las necesidades de las personas con deficiencias f\u00edsicas. Al fin y al cabo, no todas las deficiencias f\u00edsicas son visibles u obvias. Una persona con graves problemas de espalda puede necesitar levantarse y estirarse cada 30 minutos. Un empleado con diabetes de tipo 1 puede necesitar inyectarse insulina varias veces durante la jornada laboral.   <\/p>\n\n<p><strong><em>  \u00abLos directivos deben desarrollar empat\u00eda, comprensi\u00f3n y flexibilidad cuando se trata de sus empleados con deficiencias f\u00edsicas\u00bb.<\/em><\/strong><\/p>\n\n<p>Estos son s\u00f3lo un par de ejemplos. La cuesti\u00f3n es que los directivos deben desarrollar su empat\u00eda y su capacidad para ser flexibles o comprender sus necesidades. Del mismo modo que (normalmente) se tiene m\u00e1s en cuenta a los padres de ni\u00f1os peque\u00f1os cuando se trata de trabajar desde casa, y del mismo modo que (la mayor\u00eda de) los empresarios se toman ahora m\u00e1s en serio la salud mental a ra\u00edz de los cierres patronales de Covid, los directivos y altos cargos deben ser m\u00e1s conscientes y receptivos a las necesidades de los empleados con discapacidades f\u00edsicas.  <\/p>\n\n<p>La mejor forma de garantizar que esto ocurra es buscar cursos y programas de formaci\u00f3n espec\u00edficos. La forma en que tratas a tu gente en el trabajo es clave para que sientan que eres integrador. As\u00ed que, si tienes intenci\u00f3n de tomarte en serio la discapacidad f\u00edsica, te animo a que consideres seriamente la formaci\u00f3n de directivos.  <\/p>\n\n<p><strong>Las personas con deficiencias f\u00edsicas tambi\u00e9n merecen respeto<\/strong><\/p>\n\n<p>Al final, al igual que ocurre con la salud mental, la diversificaci\u00f3n y el aumento de la representaci\u00f3n de g\u00e9nero, el primer paso es ser consciente de los retos que conlleva, o incluso de que existen retos que hay que abordar. Siempre que seas respetuoso con las diferencias de las personas, estos problemas pueden resolverse con un poco de comprensi\u00f3n y concentraci\u00f3n. <\/p>\n\n<p>Sigue siendo un misterio por qu\u00e9 las personas con discapacidades f\u00edsicas reciben menos atenci\u00f3n en la conversaci\u00f3n sobre DEI que otros grupos. Pero si te tomas en serio la DEI, \u00e9sta es una parte de la conversaci\u00f3n que t\u00fa tambi\u00e9n debes tener. <\/p>\n","protected":false},"excerpt":{"rendered":"<p>Demasiadas organizaciones no est\u00e1n prestando a la discapacidad f\u00edsica la atenci\u00f3n que necesita para superar el estigma y aumentar la representaci\u00f3n, as\u00ed que \u00bfqu\u00e9 puedes hacer para asegurarte de no caer en la misma trampa?<\/p>\n","protected":false},"author":12,"featured_media":0,"comment_status":"closed","ping_status":"closed","sticky":false,"template":"","format":"standard","meta":{"_acf_changed":false,"footnotes":""},"categories":[394,363],"tags":[],"class_list":["post-25826","post","type-post","status-publish","format-standard","hentry","category-diversidad-igualdad-e-inclusion","category-perspectivas"],"acf":[],"yoast_head":"<!-- This site is optimized with the Yoast SEO plugin v27.4 - https:\/\/yoast.com\/product\/yoast-seo-wordpress\/ -->\n<title>\u00bfNos estamos olvidando de la Discapacidad F\u00edsica cuando se trata de Diversidad, Equidad e Inclusi\u00f3n? - Sheffield Haworth<\/title>\n<meta name=\"description\" content=\"Demasiadas organizaciones no est\u00e1n prestando a la discapacidad f\u00edsica la atenci\u00f3n que necesita para superar el estigma y aumentar la representaci\u00f3n, as\u00ed que \u00bfqu\u00e9 puedes hacer para asegurarte de no caer en la misma trampa?\" \/>\n<meta name=\"robots\" content=\"index, follow, max-snippet:-1, max-image-preview:large, max-video-preview:-1\" \/>\n<link rel=\"canonical\" href=\"https:\/\/www.sheffieldhaworth.com\/es\/nos-estamos-olvidando-de-la-discapacidad-fisica-cuando-se-trata-de-diversidad-equidad-e-inclusion\/\" \/>\n<meta property=\"og:locale\" content=\"es_ES\" \/>\n<meta property=\"og:type\" content=\"article\" \/>\n<meta property=\"og:title\" content=\"\u00bfNos estamos olvidando de la Discapacidad F\u00edsica cuando se trata de Diversidad, Equidad e Inclusi\u00f3n? - Sheffield Haworth\" \/>\n<meta property=\"og:description\" content=\"Demasiadas organizaciones no est\u00e1n prestando a la discapacidad f\u00edsica la atenci\u00f3n que necesita para superar el estigma y aumentar la representaci\u00f3n, as\u00ed que \u00bfqu\u00e9 puedes hacer para asegurarte de no caer en la misma trampa?\" \/>\n<meta property=\"og:url\" content=\"https:\/\/www.sheffieldhaworth.com\/es\/nos-estamos-olvidando-de-la-discapacidad-fisica-cuando-se-trata-de-diversidad-equidad-e-inclusion\/\" \/>\n<meta property=\"og:site_name\" content=\"Sheffield Haworth\" \/>\n<meta property=\"article:published_time\" content=\"2022-05-30T09:46:04+00:00\" \/>\n<meta property=\"article:modified_time\" content=\"2025-08-04T16:30:48+00:00\" \/>\n<meta property=\"og:image\" content=\"https:\/\/www.sheffieldhaworth.com\/wp-content\/uploads\/2021\/10\/sh-default-social-card.jpg\" \/>\n\t<meta property=\"og:image:width\" content=\"1200\" \/>\n\t<meta property=\"og:image:height\" content=\"800\" \/>\n\t<meta property=\"og:image:type\" content=\"image\/jpeg\" \/>\n<meta name=\"author\" content=\"emberton92f71\" \/>\n<meta name=\"twitter:card\" content=\"summary_large_image\" \/>\n<meta name=\"twitter:label1\" content=\"Written by\" \/>\n\t<meta name=\"twitter:data1\" content=\"emberton92f71\" \/>\n\t<meta name=\"twitter:label2\" content=\"Est. reading time\" \/>\n\t<meta name=\"twitter:data2\" content=\"7 minutos\" \/>\n<script type=\"application\/ld+json\" class=\"yoast-schema-graph\">{\"@context\":\"https:\\\/\\\/schema.org\",\"@graph\":[{\"@type\":\"Article\",\"@id\":\"https:\\\/\\\/www.sheffieldhaworth.com\\\/es\\\/nos-estamos-olvidando-de-la-discapacidad-fisica-cuando-se-trata-de-diversidad-equidad-e-inclusion\\\/#article\",\"isPartOf\":{\"@id\":\"https:\\\/\\\/www.sheffieldhaworth.com\\\/es\\\/nos-estamos-olvidando-de-la-discapacidad-fisica-cuando-se-trata-de-diversidad-equidad-e-inclusion\\\/\"},\"author\":{\"name\":\"emberton92f71\",\"@id\":\"https:\\\/\\\/www.sheffieldhaworth.com\\\/es\\\/#\\\/schema\\\/person\\\/6a8fdcb00da3afdbff4cb63efc8be2f0\"},\"headline\":\"\u00bfNos estamos olvidando de la Discapacidad F\u00edsica cuando se trata de Diversidad, Equidad e Inclusi\u00f3n?\",\"datePublished\":\"2022-05-30T09:46:04+00:00\",\"dateModified\":\"2025-08-04T16:30:48+00:00\",\"mainEntityOfPage\":{\"@id\":\"https:\\\/\\\/www.sheffieldhaworth.com\\\/es\\\/nos-estamos-olvidando-de-la-discapacidad-fisica-cuando-se-trata-de-diversidad-equidad-e-inclusion\\\/\"},\"wordCount\":1359,\"publisher\":{\"@id\":\"https:\\\/\\\/www.sheffieldhaworth.com\\\/es\\\/#organization\"},\"articleSection\":[\"Diversidad, Igualdad e Inclusi\u00f3n\",\"Perspectivas\"],\"inLanguage\":\"es\"},{\"@type\":\"WebPage\",\"@id\":\"https:\\\/\\\/www.sheffieldhaworth.com\\\/es\\\/nos-estamos-olvidando-de-la-discapacidad-fisica-cuando-se-trata-de-diversidad-equidad-e-inclusion\\\/\",\"url\":\"https:\\\/\\\/www.sheffieldhaworth.com\\\/es\\\/nos-estamos-olvidando-de-la-discapacidad-fisica-cuando-se-trata-de-diversidad-equidad-e-inclusion\\\/\",\"name\":\"\u00bfNos estamos olvidando de la Discapacidad F\u00edsica cuando se trata de Diversidad, Equidad e Inclusi\u00f3n? - Sheffield Haworth\",\"isPartOf\":{\"@id\":\"https:\\\/\\\/www.sheffieldhaworth.com\\\/es\\\/#website\"},\"datePublished\":\"2022-05-30T09:46:04+00:00\",\"dateModified\":\"2025-08-04T16:30:48+00:00\",\"description\":\"Demasiadas organizaciones no est\u00e1n prestando a la discapacidad f\u00edsica la atenci\u00f3n que necesita para superar el estigma y aumentar la representaci\u00f3n, as\u00ed que \u00bfqu\u00e9 puedes hacer para asegurarte de no caer en la misma trampa?\",\"inLanguage\":\"es\",\"potentialAction\":[{\"@type\":\"ReadAction\",\"target\":[\"https:\\\/\\\/www.sheffieldhaworth.com\\\/es\\\/nos-estamos-olvidando-de-la-discapacidad-fisica-cuando-se-trata-de-diversidad-equidad-e-inclusion\\\/\"]}]},{\"@type\":\"WebSite\",\"@id\":\"https:\\\/\\\/www.sheffieldhaworth.com\\\/es\\\/#website\",\"url\":\"https:\\\/\\\/www.sheffieldhaworth.com\\\/es\\\/\",\"name\":\"Sheffield Haworth\",\"description\":\"Helping organisations and individuals to reach their potential\",\"publisher\":{\"@id\":\"https:\\\/\\\/www.sheffieldhaworth.com\\\/es\\\/#organization\"},\"potentialAction\":[{\"@type\":\"SearchAction\",\"target\":{\"@type\":\"EntryPoint\",\"urlTemplate\":\"https:\\\/\\\/www.sheffieldhaworth.com\\\/es\\\/?s={search_term_string}\"},\"query-input\":{\"@type\":\"PropertyValueSpecification\",\"valueRequired\":true,\"valueName\":\"search_term_string\"}}],\"inLanguage\":\"es\"},{\"@type\":\"Organization\",\"@id\":\"https:\\\/\\\/www.sheffieldhaworth.com\\\/es\\\/#organization\",\"name\":\"Sheffield Haworth\",\"url\":\"https:\\\/\\\/www.sheffieldhaworth.com\\\/es\\\/\",\"logo\":{\"@type\":\"ImageObject\",\"inLanguage\":\"es\",\"@id\":\"https:\\\/\\\/www.sheffieldhaworth.com\\\/es\\\/#\\\/schema\\\/logo\\\/image\\\/\",\"url\":\"https:\\\/\\\/www.sheffieldhaworth.com\\\/wp-content\\\/uploads\\\/2021\\\/10\\\/mstile-310x150-1.png\",\"contentUrl\":\"https:\\\/\\\/www.sheffieldhaworth.com\\\/wp-content\\\/uploads\\\/2021\\\/10\\\/mstile-310x150-1.png\",\"width\":311,\"height\":151,\"caption\":\"Sheffield Haworth\"},\"image\":{\"@id\":\"https:\\\/\\\/www.sheffieldhaworth.com\\\/es\\\/#\\\/schema\\\/logo\\\/image\\\/\"},\"sameAs\":[\"https:\\\/\\\/www.linkedin.com\\\/company\\\/sheffield-haworth\\\/?viewAsMember=true\"]},{\"@type\":\"Person\",\"@id\":\"https:\\\/\\\/www.sheffieldhaworth.com\\\/es\\\/#\\\/schema\\\/person\\\/6a8fdcb00da3afdbff4cb63efc8be2f0\",\"name\":\"emberton92f71\",\"image\":{\"@type\":\"ImageObject\",\"inLanguage\":\"es\",\"@id\":\"https:\\\/\\\/secure.gravatar.com\\\/avatar\\\/140c25bac9eb57d35054fa81f24703d0c8a5e3c0855dfff4cdaaee04536366bc?s=96&d=mm&r=g\",\"url\":\"https:\\\/\\\/secure.gravatar.com\\\/avatar\\\/140c25bac9eb57d35054fa81f24703d0c8a5e3c0855dfff4cdaaee04536366bc?s=96&d=mm&r=g\",\"contentUrl\":\"https:\\\/\\\/secure.gravatar.com\\\/avatar\\\/140c25bac9eb57d35054fa81f24703d0c8a5e3c0855dfff4cdaaee04536366bc?s=96&d=mm&r=g\",\"caption\":\"emberton92f71\"}}]}<\/script>\n<!-- \/ Yoast SEO plugin. -->","yoast_head_json":{"title":"\u00bfNos estamos olvidando de la Discapacidad F\u00edsica cuando se trata de Diversidad, Equidad e Inclusi\u00f3n? - Sheffield Haworth","description":"Demasiadas organizaciones no est\u00e1n prestando a la discapacidad f\u00edsica la atenci\u00f3n que necesita para superar el estigma y aumentar la representaci\u00f3n, as\u00ed que \u00bfqu\u00e9 puedes hacer para asegurarte de no caer en la misma trampa?","robots":{"index":"index","follow":"follow","max-snippet":"max-snippet:-1","max-image-preview":"max-image-preview:large","max-video-preview":"max-video-preview:-1"},"canonical":"https:\/\/www.sheffieldhaworth.com\/es\/nos-estamos-olvidando-de-la-discapacidad-fisica-cuando-se-trata-de-diversidad-equidad-e-inclusion\/","og_locale":"es_ES","og_type":"article","og_title":"\u00bfNos estamos olvidando de la Discapacidad F\u00edsica cuando se trata de Diversidad, Equidad e Inclusi\u00f3n? - Sheffield Haworth","og_description":"Demasiadas organizaciones no est\u00e1n prestando a la discapacidad f\u00edsica la atenci\u00f3n que necesita para superar el estigma y aumentar la representaci\u00f3n, as\u00ed que \u00bfqu\u00e9 puedes hacer para asegurarte de no caer en la misma trampa?","og_url":"https:\/\/www.sheffieldhaworth.com\/es\/nos-estamos-olvidando-de-la-discapacidad-fisica-cuando-se-trata-de-diversidad-equidad-e-inclusion\/","og_site_name":"Sheffield Haworth","article_published_time":"2022-05-30T09:46:04+00:00","article_modified_time":"2025-08-04T16:30:48+00:00","og_image":[{"width":1200,"height":800,"url":"https:\/\/www.sheffieldhaworth.com\/wp-content\/uploads\/2021\/10\/sh-default-social-card.jpg","type":"image\/jpeg"}],"author":"emberton92f71","twitter_card":"summary_large_image","twitter_misc":{"Written by":"emberton92f71","Est. reading time":"7 minutos"},"schema":{"@context":"https:\/\/schema.org","@graph":[{"@type":"Article","@id":"https:\/\/www.sheffieldhaworth.com\/es\/nos-estamos-olvidando-de-la-discapacidad-fisica-cuando-se-trata-de-diversidad-equidad-e-inclusion\/#article","isPartOf":{"@id":"https:\/\/www.sheffieldhaworth.com\/es\/nos-estamos-olvidando-de-la-discapacidad-fisica-cuando-se-trata-de-diversidad-equidad-e-inclusion\/"},"author":{"name":"emberton92f71","@id":"https:\/\/www.sheffieldhaworth.com\/es\/#\/schema\/person\/6a8fdcb00da3afdbff4cb63efc8be2f0"},"headline":"\u00bfNos estamos olvidando de la Discapacidad F\u00edsica cuando se trata de Diversidad, Equidad e Inclusi\u00f3n?","datePublished":"2022-05-30T09:46:04+00:00","dateModified":"2025-08-04T16:30:48+00:00","mainEntityOfPage":{"@id":"https:\/\/www.sheffieldhaworth.com\/es\/nos-estamos-olvidando-de-la-discapacidad-fisica-cuando-se-trata-de-diversidad-equidad-e-inclusion\/"},"wordCount":1359,"publisher":{"@id":"https:\/\/www.sheffieldhaworth.com\/es\/#organization"},"articleSection":["Diversidad, Igualdad e Inclusi\u00f3n","Perspectivas"],"inLanguage":"es"},{"@type":"WebPage","@id":"https:\/\/www.sheffieldhaworth.com\/es\/nos-estamos-olvidando-de-la-discapacidad-fisica-cuando-se-trata-de-diversidad-equidad-e-inclusion\/","url":"https:\/\/www.sheffieldhaworth.com\/es\/nos-estamos-olvidando-de-la-discapacidad-fisica-cuando-se-trata-de-diversidad-equidad-e-inclusion\/","name":"\u00bfNos estamos olvidando de la Discapacidad F\u00edsica cuando se trata de Diversidad, Equidad e Inclusi\u00f3n? - Sheffield Haworth","isPartOf":{"@id":"https:\/\/www.sheffieldhaworth.com\/es\/#website"},"datePublished":"2022-05-30T09:46:04+00:00","dateModified":"2025-08-04T16:30:48+00:00","description":"Demasiadas organizaciones no est\u00e1n prestando a la discapacidad f\u00edsica la atenci\u00f3n que necesita para superar el estigma y aumentar la representaci\u00f3n, as\u00ed que \u00bfqu\u00e9 puedes hacer para asegurarte de no caer en la misma trampa?","inLanguage":"es","potentialAction":[{"@type":"ReadAction","target":["https:\/\/www.sheffieldhaworth.com\/es\/nos-estamos-olvidando-de-la-discapacidad-fisica-cuando-se-trata-de-diversidad-equidad-e-inclusion\/"]}]},{"@type":"WebSite","@id":"https:\/\/www.sheffieldhaworth.com\/es\/#website","url":"https:\/\/www.sheffieldhaworth.com\/es\/","name":"Sheffield Haworth","description":"Helping organisations and individuals to reach their potential","publisher":{"@id":"https:\/\/www.sheffieldhaworth.com\/es\/#organization"},"potentialAction":[{"@type":"SearchAction","target":{"@type":"EntryPoint","urlTemplate":"https:\/\/www.sheffieldhaworth.com\/es\/?s={search_term_string}"},"query-input":{"@type":"PropertyValueSpecification","valueRequired":true,"valueName":"search_term_string"}}],"inLanguage":"es"},{"@type":"Organization","@id":"https:\/\/www.sheffieldhaworth.com\/es\/#organization","name":"Sheffield Haworth","url":"https:\/\/www.sheffieldhaworth.com\/es\/","logo":{"@type":"ImageObject","inLanguage":"es","@id":"https:\/\/www.sheffieldhaworth.com\/es\/#\/schema\/logo\/image\/","url":"https:\/\/www.sheffieldhaworth.com\/wp-content\/uploads\/2021\/10\/mstile-310x150-1.png","contentUrl":"https:\/\/www.sheffieldhaworth.com\/wp-content\/uploads\/2021\/10\/mstile-310x150-1.png","width":311,"height":151,"caption":"Sheffield Haworth"},"image":{"@id":"https:\/\/www.sheffieldhaworth.com\/es\/#\/schema\/logo\/image\/"},"sameAs":["https:\/\/www.linkedin.com\/company\/sheffield-haworth\/?viewAsMember=true"]},{"@type":"Person","@id":"https:\/\/www.sheffieldhaworth.com\/es\/#\/schema\/person\/6a8fdcb00da3afdbff4cb63efc8be2f0","name":"emberton92f71","image":{"@type":"ImageObject","inLanguage":"es","@id":"https:\/\/secure.gravatar.com\/avatar\/140c25bac9eb57d35054fa81f24703d0c8a5e3c0855dfff4cdaaee04536366bc?s=96&d=mm&r=g","url":"https:\/\/secure.gravatar.com\/avatar\/140c25bac9eb57d35054fa81f24703d0c8a5e3c0855dfff4cdaaee04536366bc?s=96&d=mm&r=g","contentUrl":"https:\/\/secure.gravatar.com\/avatar\/140c25bac9eb57d35054fa81f24703d0c8a5e3c0855dfff4cdaaee04536366bc?s=96&d=mm&r=g","caption":"emberton92f71"}}]}},"_links":{"self":[{"href":"https:\/\/www.sheffieldhaworth.com\/es\/wp-json\/wp\/v2\/posts\/25826","targetHints":{"allow":["GET"]}}],"collection":[{"href":"https:\/\/www.sheffieldhaworth.com\/es\/wp-json\/wp\/v2\/posts"}],"about":[{"href":"https:\/\/www.sheffieldhaworth.com\/es\/wp-json\/wp\/v2\/types\/post"}],"author":[{"embeddable":true,"href":"https:\/\/www.sheffieldhaworth.com\/es\/wp-json\/wp\/v2\/users\/12"}],"replies":[{"embeddable":true,"href":"https:\/\/www.sheffieldhaworth.com\/es\/wp-json\/wp\/v2\/comments?post=25826"}],"version-history":[{"count":0,"href":"https:\/\/www.sheffieldhaworth.com\/es\/wp-json\/wp\/v2\/posts\/25826\/revisions"}],"wp:attachment":[{"href":"https:\/\/www.sheffieldhaworth.com\/es\/wp-json\/wp\/v2\/media?parent=25826"}],"wp:term":[{"taxonomy":"category","embeddable":true,"href":"https:\/\/www.sheffieldhaworth.com\/es\/wp-json\/wp\/v2\/categories?post=25826"},{"taxonomy":"post_tag","embeddable":true,"href":"https:\/\/www.sheffieldhaworth.com\/es\/wp-json\/wp\/v2\/tags?post=25826"}],"curies":[{"name":"wp","href":"https:\/\/api.w.org\/{rel}","templated":true}]}}