{"id":24481,"date":"2023-02-13T12:56:03","date_gmt":"2023-02-13T12:56:03","guid":{"rendered":"https:\/\/www.sheffieldhaworth.com\/amplia-tu-comprension-de-la-historia-y-la-cultura-negras\/"},"modified":"2025-08-04T17:12:27","modified_gmt":"2025-08-04T16:12:27","slug":"amplia-tu-comprension-de-la-historia-y-la-cultura-negras","status":"publish","type":"post","link":"https:\/\/www.sheffieldhaworth.com\/es\/amplia-tu-comprension-de-la-historia-y-la-cultura-negras\/","title":{"rendered":"Ampl\u00eda tu comprensi\u00f3n de la Historia y la Cultura Negras"},"content":{"rendered":"\n<p><strong>Por Josephine Christian, Asociada &#8211; Pr\u00e1ctica de Consultor\u00eda, Tecnolog\u00eda y Servicios, Sheffield Haworth<\/strong><\/p>\n\n<p>Como probablemente sepas, febrero es el Mes de la Historia Negra en Estados Unidos. Es un momento de celebraci\u00f3n, pero tambi\u00e9n de reflexi\u00f3n y, con demasiada frecuencia, de enfado por algunas de las injusticias que siguen existiendo en nuestro pa\u00eds. Es motivo de gran frustraci\u00f3n personal que siempre que siento que podr\u00eda relajarme un poco y centrarme en los aspectos positivos del Mes de la Historia Negra, ocurre algo que me recuerda crudamente esas injusticias.  <\/p>\n\n<p>As\u00ed se ha demostrado mientras escribo esto. Una vez m\u00e1s, puede ser una lucha no dejar que la pol\u00edtica domine lo que tengo que decir. Lo que s\u00ed dir\u00e9 es lo siguiente: Comprender c\u00f3mo hemos llegado a donde estamos hoy es fundamental para que la historia de Estados Unidos siga siendo objetiva y nuestros vecinos educados, para evitar que la historia se repita. La historia negra es una historia de perseverancia, fuerza y valor.   <\/p>\n\n<p>Una de las mejores formas de celebrar el Mes de la Historia Negra es, por tanto, profundizar en tu comprensi\u00f3n de la experiencia afroamericana. Dedica tiempo a investigar, reconocer y compartir las historias de pioneros, liderazgo y tragedia con todas las generaciones, colegas y familiares. Es una forma estupenda de promover la equidad y la concienciaci\u00f3n.  <\/p>\n\n<p>Este a\u00f1o te retamos a que visites museos afroamericanos, examines exposiciones de arte afroamericano, veas obras de teatro y musicales en directo y apoyes a los negocios propiedad de negros. El objetivo es comprometerse con la historia y la cultura afroamericanas para comprender mejor lo que los negros han soportado, por lo que han luchado, lo que han logrado y por lo que siguen luchando en busca de la igualdad y la equidad. <\/p>\n\n<p><strong>Visitar museos<\/strong><\/p>\n\n<p>Al recopilar una lista de todos los museos de los 50 estados relacionados con la historia o la cultura afroamericana, encontramos algunas anomal\u00edas interesantes. Hay un total de 110 museos de este tipo en Estados Unidos. Al principio esto parec\u00eda estupendo, porque significar\u00eda que en cualquier lugar de Estados Unidos donde estuvieras leyendo esto, tendr\u00edas tu propio museo local que visitar sin tener que desplazarte a las costas este u oeste.  <\/p>\n\n<p>Sin embargo&#8230; resulta que la difusi\u00f3n de los museos es como la mantequilla de cacahuete en un bocadillo mal hecho. Hay lugares en los que hay mucha, y otros en los que no hay ninguna. <\/p>\n\n<p>Ent\u00e9rate: Alabama tiene ocho museos. Florida tiene 10 y Luisiana nueve. Los tres estados tienen m\u00e1s museos de tem\u00e1tica negra que Nueva York (siete), California (seis) o Washington DC (cinco). Sin embargo, 18 de nuestros 50 estados no tienen ni un solo museo afroamericano. Ni uno.    <\/p>\n\n<p>Heck, incluso Nebraska, Idaho e Iowa tienen cada uno un museo que muestra la historia negra y\/o figuras negras destacadas, por lo que su ausencia en otros estados es dif\u00edcil de justificar. TENEMOS QUE HACERLO MEJOR. <\/p>\n\n<p>Aqu\u00ed tienes una lista de Museos Afroamericanos en sus respectivos estados:  <\/p>\n\n<p><a href=\"https:\/\/www.worldatlas.com\/articles\/list-of-african-american-museums.html\">https:\/\/www.worldatlas.com\/articles\/list-of-african-american-museums.html<\/a><\/p>\n\n<p><strong>Musicales, obras de teatro y danza<\/strong><\/p>\n\n<p>Durante las temporadas 2022-2023 hay un mont\u00f3n de obras de teatro, musicales y compa\u00f1\u00edas de danza en Broadway y fuera de Broadway que puedes ver sobre la cultura afroamericana, la experiencia afroamericana o que simplemente muestran el talento negro. Las artes esc\u00e9nicas son una forma estupenda de exponernos a nuevas experiencias y perspectivas de manera que entretengan a la vez que cambian las mentes. <\/p>\n\n<ul class=\"wp-block-list\">\n<li>Aint No Mo&#8217; producido por Lee Daniels<\/li>\n\n\n\n<li>Ain&#8217;t Too Proud: La vida y la \u00e9poca de los Temptations<\/li>\n\n\n\n<li>La obra de un soldado por Charles Fuller<\/li>\n\n\n\n<li>Tina: El musical de Tina Turner<\/li>\n\n\n\n<li>Alvin Ailey &#8211; Revelaciones<\/li>\n\n\n\n<li>Teatro de la Danza de Harlem<\/li>\n\n\n\n<li>A algunos les gusta caliente<\/li>\n\n\n\n<li>Memphis &#8211; el Musical<\/li>\n\n\n\n<li>El color p\u00farpura: El Musical<\/li>\n\n\n\n<li>Topdog\/Underdog, la obra de Suzan-Lori Parks ganadora del Premio Pulitzer<\/li>\n\n\n\n<li>La lecci\u00f3n de piano, obra cl\u00e1sica de August Wilson<\/li>\n\n\n\n<li>MJ: El Musical<\/li>\n\n\n\n<li>Un extra\u00f1o bucle por Michael R. Jackson<\/li>\n\n\n\n<li>Asesinatos del Estado de Ohio, misterio dirigido por Kenny Leon<\/li>\n\n\n\n<li>El Teatro Negro Nacional anuncia la Temporada 2022-2023 con tres producciones de estreno mundial:<\/li>\n\n\n\n<li>Tripulaci\u00f3n Esqueleto por Dominique Morisseau<\/li>\n\n\n\n<li>Pensamientos de un hombre de color Por Keenan Scott II<\/li>\n\n\n\n<li>Pollo y Galletas por Douglas Lyons<\/li>\n\n\n\n<li>Trouble in Mind Motown Revue Hitzville: El espect\u00e1culo<\/li>\n\n\n\n<li>Reinado P\u00farpura<\/li>\n\n\n\n<li>Clyde&#8217;s de Lynn Nottage<\/li>\n\n\n\n<li>Lackawanna Blues de Rub\u00e9n Santiago-Hudson<\/li>\n<\/ul>\n\n<p>Para m\u00e1s informaci\u00f3n, consulta esta lista: <a href=\"http:\/\/www.noirguides.com\/blackbroadwaytickets.html\">http:\/\/www.noirguides.com\/blackbroadwaytickets.html<\/a><\/p>\n\n<p><strong>Apoyar a las empresas propiedad de negros en tu comunidad<\/strong><\/p>\n\n<p>Durante gran parte de la historia estadounidense, los negros no pudieron participar en la generaci\u00f3n de riqueza porque se les consideraba propiedad y eran \u00abel producto\u00bb que generaba riqueza para el pa\u00eds\/los blancos.<\/p>\n\n<p>Incapaces de poseer tierras. Excluidos de la propiedad de la vivienda. No se les permite tener un negocio o ir a la escuela y recibir educaci\u00f3n. Sin derecho a voto. No ser considerados iguales era el ideal fundamental que imped\u00eda a los negros crear riqueza.    <\/p>\n\n<p>Hoy en d\u00eda, la familia negra media tiene entre una octava y una novena parte de la riqueza de la familia blanca media. Una forma muy pr\u00e1ctica de mostrar apoyo a tus vecinos negros es comprar en comercios de propiedad negra este mes y durante todo el a\u00f1o. <\/p>\n\n<p>No estamos diciendo que compres s\u00f3lo a empresas propiedad de negros. Pero es probable que en tu comunidad haya multitud de empresas a las que no apoyas con tus compras, pero a las que podr\u00edas apoyar con un poco m\u00e1s de concentraci\u00f3n y atenci\u00f3n. <\/p>\n\n<p>Aqu\u00ed tienes una lista de empresas propiedad de negros para ayudarte a empezar:<\/p>\n\n<p><a href=\"https:\/\/nymag.com\/strategist\/article\/black-owned-businesses-support-shop.html\">https:\/\/nymag.com\/strategist\/article\/black-owned-businesses-support-shop.html<\/a><\/p>\n\n<p><strong>Incluso la acci\u00f3n m\u00e1s peque\u00f1a puede marcar la diferencia<\/strong><\/p>\n\n<p>En EEUU a menudo parece como si nuestras comunidades estuvieran m\u00e1s divididas y enfadadas que nunca. No siempre es as\u00ed y seguro que no tiene por qu\u00e9 serlo en el futuro. Si la Historia Negra es algo que te preocupa -o sobre lo que te gustar\u00eda saber m\u00e1s-, prueba alguna de las sugerencias de este art\u00edculo y ver\u00e1s lo que ocurre. Incluso la acci\u00f3n m\u00e1s peque\u00f1a, el cambio m\u00e1s insignificante, puede marcar una gran diferencia a largo plazo.     <\/p>\n","protected":false},"excerpt":{"rendered":"<p>Como probablemente sepas, febrero es el Mes de la Historia Negra en Estados Unidos&#8230;<\/p>\n","protected":false},"author":12,"featured_media":0,"comment_status":"closed","ping_status":"closed","sticky":false,"template":"","format":"standard","meta":{"_acf_changed":false,"footnotes":""},"categories":[394,363],"tags":[],"class_list":["post-24481","post","type-post","status-publish","format-standard","hentry","category-diversidad-igualdad-e-inclusion","category-perspectivas"],"acf":[],"yoast_head":"<!-- This site is optimized with the Yoast SEO plugin v27.4 - https:\/\/yoast.com\/product\/yoast-seo-wordpress\/ -->\n<title>Ampl\u00eda tu comprensi\u00f3n de la Historia y la Cultura Negras - Sheffield Haworth<\/title>\n<meta name=\"description\" content=\"Como probablemente sepas, febrero es el Mes de la Historia Negra en Estados Unidos....\" \/>\n<meta name=\"robots\" content=\"index, follow, max-snippet:-1, max-image-preview:large, max-video-preview:-1\" \/>\n<link rel=\"canonical\" href=\"https:\/\/www.sheffieldhaworth.com\/es\/amplia-tu-comprension-de-la-historia-y-la-cultura-negras\/\" \/>\n<meta property=\"og:locale\" content=\"es_ES\" \/>\n<meta property=\"og:type\" content=\"article\" \/>\n<meta property=\"og:title\" content=\"Ampl\u00eda tu comprensi\u00f3n de la Historia y la Cultura Negras - Sheffield Haworth\" \/>\n<meta property=\"og:description\" content=\"Como probablemente sepas, febrero es el Mes de la Historia Negra en Estados Unidos....\" \/>\n<meta property=\"og:url\" content=\"https:\/\/www.sheffieldhaworth.com\/es\/amplia-tu-comprension-de-la-historia-y-la-cultura-negras\/\" \/>\n<meta property=\"og:site_name\" content=\"Sheffield Haworth\" \/>\n<meta property=\"article:published_time\" content=\"2023-02-13T12:56:03+00:00\" \/>\n<meta property=\"article:modified_time\" content=\"2025-08-04T16:12:27+00:00\" \/>\n<meta property=\"og:image\" content=\"https:\/\/www.sheffieldhaworth.com\/wp-content\/uploads\/2021\/10\/sh-default-social-card.jpg\" \/>\n\t<meta property=\"og:image:width\" content=\"1200\" \/>\n\t<meta property=\"og:image:height\" content=\"800\" \/>\n\t<meta property=\"og:image:type\" content=\"image\/jpeg\" \/>\n<meta name=\"author\" content=\"emberton92f71\" \/>\n<meta name=\"twitter:card\" content=\"summary_large_image\" \/>\n<meta name=\"twitter:label1\" content=\"Written by\" \/>\n\t<meta name=\"twitter:data1\" content=\"emberton92f71\" \/>\n\t<meta name=\"twitter:label2\" content=\"Est. reading time\" \/>\n\t<meta name=\"twitter:data2\" content=\"5 minutos\" \/>\n<script type=\"application\/ld+json\" class=\"yoast-schema-graph\">{\"@context\":\"https:\\\/\\\/schema.org\",\"@graph\":[{\"@type\":\"Article\",\"@id\":\"https:\\\/\\\/www.sheffieldhaworth.com\\\/es\\\/amplia-tu-comprension-de-la-historia-y-la-cultura-negras\\\/#article\",\"isPartOf\":{\"@id\":\"https:\\\/\\\/www.sheffieldhaworth.com\\\/es\\\/amplia-tu-comprension-de-la-historia-y-la-cultura-negras\\\/\"},\"author\":{\"name\":\"emberton92f71\",\"@id\":\"https:\\\/\\\/www.sheffieldhaworth.com\\\/es\\\/#\\\/schema\\\/person\\\/6a8fdcb00da3afdbff4cb63efc8be2f0\"},\"headline\":\"Ampl\u00eda tu comprensi\u00f3n de la Historia y la Cultura Negras\",\"datePublished\":\"2023-02-13T12:56:03+00:00\",\"dateModified\":\"2025-08-04T16:12:27+00:00\",\"mainEntityOfPage\":{\"@id\":\"https:\\\/\\\/www.sheffieldhaworth.com\\\/es\\\/amplia-tu-comprension-de-la-historia-y-la-cultura-negras\\\/\"},\"wordCount\":1090,\"publisher\":{\"@id\":\"https:\\\/\\\/www.sheffieldhaworth.com\\\/es\\\/#organization\"},\"articleSection\":[\"Diversidad, Igualdad e Inclusi\u00f3n\",\"Perspectivas\"],\"inLanguage\":\"es\"},{\"@type\":\"WebPage\",\"@id\":\"https:\\\/\\\/www.sheffieldhaworth.com\\\/es\\\/amplia-tu-comprension-de-la-historia-y-la-cultura-negras\\\/\",\"url\":\"https:\\\/\\\/www.sheffieldhaworth.com\\\/es\\\/amplia-tu-comprension-de-la-historia-y-la-cultura-negras\\\/\",\"name\":\"Ampl\u00eda tu comprensi\u00f3n de la Historia y la Cultura Negras - Sheffield Haworth\",\"isPartOf\":{\"@id\":\"https:\\\/\\\/www.sheffieldhaworth.com\\\/es\\\/#website\"},\"datePublished\":\"2023-02-13T12:56:03+00:00\",\"dateModified\":\"2025-08-04T16:12:27+00:00\",\"description\":\"Como probablemente sepas, febrero es el Mes de la Historia Negra en Estados Unidos....\",\"inLanguage\":\"es\",\"potentialAction\":[{\"@type\":\"ReadAction\",\"target\":[\"https:\\\/\\\/www.sheffieldhaworth.com\\\/es\\\/amplia-tu-comprension-de-la-historia-y-la-cultura-negras\\\/\"]}]},{\"@type\":\"WebSite\",\"@id\":\"https:\\\/\\\/www.sheffieldhaworth.com\\\/es\\\/#website\",\"url\":\"https:\\\/\\\/www.sheffieldhaworth.com\\\/es\\\/\",\"name\":\"Sheffield Haworth\",\"description\":\"Helping organisations and individuals to reach their potential\",\"publisher\":{\"@id\":\"https:\\\/\\\/www.sheffieldhaworth.com\\\/es\\\/#organization\"},\"potentialAction\":[{\"@type\":\"SearchAction\",\"target\":{\"@type\":\"EntryPoint\",\"urlTemplate\":\"https:\\\/\\\/www.sheffieldhaworth.com\\\/es\\\/?s={search_term_string}\"},\"query-input\":{\"@type\":\"PropertyValueSpecification\",\"valueRequired\":true,\"valueName\":\"search_term_string\"}}],\"inLanguage\":\"es\"},{\"@type\":\"Organization\",\"@id\":\"https:\\\/\\\/www.sheffieldhaworth.com\\\/es\\\/#organization\",\"name\":\"Sheffield Haworth\",\"url\":\"https:\\\/\\\/www.sheffieldhaworth.com\\\/es\\\/\",\"logo\":{\"@type\":\"ImageObject\",\"inLanguage\":\"es\",\"@id\":\"https:\\\/\\\/www.sheffieldhaworth.com\\\/es\\\/#\\\/schema\\\/logo\\\/image\\\/\",\"url\":\"https:\\\/\\\/www.sheffieldhaworth.com\\\/wp-content\\\/uploads\\\/2021\\\/10\\\/mstile-310x150-1.png\",\"contentUrl\":\"https:\\\/\\\/www.sheffieldhaworth.com\\\/wp-content\\\/uploads\\\/2021\\\/10\\\/mstile-310x150-1.png\",\"width\":311,\"height\":151,\"caption\":\"Sheffield Haworth\"},\"image\":{\"@id\":\"https:\\\/\\\/www.sheffieldhaworth.com\\\/es\\\/#\\\/schema\\\/logo\\\/image\\\/\"},\"sameAs\":[\"https:\\\/\\\/www.linkedin.com\\\/company\\\/sheffield-haworth\\\/?viewAsMember=true\"]},{\"@type\":\"Person\",\"@id\":\"https:\\\/\\\/www.sheffieldhaworth.com\\\/es\\\/#\\\/schema\\\/person\\\/6a8fdcb00da3afdbff4cb63efc8be2f0\",\"name\":\"emberton92f71\",\"image\":{\"@type\":\"ImageObject\",\"inLanguage\":\"es\",\"@id\":\"https:\\\/\\\/secure.gravatar.com\\\/avatar\\\/140c25bac9eb57d35054fa81f24703d0c8a5e3c0855dfff4cdaaee04536366bc?s=96&d=mm&r=g\",\"url\":\"https:\\\/\\\/secure.gravatar.com\\\/avatar\\\/140c25bac9eb57d35054fa81f24703d0c8a5e3c0855dfff4cdaaee04536366bc?s=96&d=mm&r=g\",\"contentUrl\":\"https:\\\/\\\/secure.gravatar.com\\\/avatar\\\/140c25bac9eb57d35054fa81f24703d0c8a5e3c0855dfff4cdaaee04536366bc?s=96&d=mm&r=g\",\"caption\":\"emberton92f71\"}}]}<\/script>\n<!-- \/ Yoast SEO plugin. -->","yoast_head_json":{"title":"Ampl\u00eda tu comprensi\u00f3n de la Historia y la Cultura Negras - Sheffield Haworth","description":"Como probablemente sepas, febrero es el Mes de la Historia Negra en Estados Unidos....","robots":{"index":"index","follow":"follow","max-snippet":"max-snippet:-1","max-image-preview":"max-image-preview:large","max-video-preview":"max-video-preview:-1"},"canonical":"https:\/\/www.sheffieldhaworth.com\/es\/amplia-tu-comprension-de-la-historia-y-la-cultura-negras\/","og_locale":"es_ES","og_type":"article","og_title":"Ampl\u00eda tu comprensi\u00f3n de la Historia y la Cultura Negras - Sheffield Haworth","og_description":"Como probablemente sepas, febrero es el Mes de la Historia Negra en Estados Unidos....","og_url":"https:\/\/www.sheffieldhaworth.com\/es\/amplia-tu-comprension-de-la-historia-y-la-cultura-negras\/","og_site_name":"Sheffield Haworth","article_published_time":"2023-02-13T12:56:03+00:00","article_modified_time":"2025-08-04T16:12:27+00:00","og_image":[{"width":1200,"height":800,"url":"https:\/\/www.sheffieldhaworth.com\/wp-content\/uploads\/2021\/10\/sh-default-social-card.jpg","type":"image\/jpeg"}],"author":"emberton92f71","twitter_card":"summary_large_image","twitter_misc":{"Written by":"emberton92f71","Est. reading time":"5 minutos"},"schema":{"@context":"https:\/\/schema.org","@graph":[{"@type":"Article","@id":"https:\/\/www.sheffieldhaworth.com\/es\/amplia-tu-comprension-de-la-historia-y-la-cultura-negras\/#article","isPartOf":{"@id":"https:\/\/www.sheffieldhaworth.com\/es\/amplia-tu-comprension-de-la-historia-y-la-cultura-negras\/"},"author":{"name":"emberton92f71","@id":"https:\/\/www.sheffieldhaworth.com\/es\/#\/schema\/person\/6a8fdcb00da3afdbff4cb63efc8be2f0"},"headline":"Ampl\u00eda tu comprensi\u00f3n de la Historia y la Cultura Negras","datePublished":"2023-02-13T12:56:03+00:00","dateModified":"2025-08-04T16:12:27+00:00","mainEntityOfPage":{"@id":"https:\/\/www.sheffieldhaworth.com\/es\/amplia-tu-comprension-de-la-historia-y-la-cultura-negras\/"},"wordCount":1090,"publisher":{"@id":"https:\/\/www.sheffieldhaworth.com\/es\/#organization"},"articleSection":["Diversidad, Igualdad e Inclusi\u00f3n","Perspectivas"],"inLanguage":"es"},{"@type":"WebPage","@id":"https:\/\/www.sheffieldhaworth.com\/es\/amplia-tu-comprension-de-la-historia-y-la-cultura-negras\/","url":"https:\/\/www.sheffieldhaworth.com\/es\/amplia-tu-comprension-de-la-historia-y-la-cultura-negras\/","name":"Ampl\u00eda tu comprensi\u00f3n de la Historia y la Cultura Negras - Sheffield Haworth","isPartOf":{"@id":"https:\/\/www.sheffieldhaworth.com\/es\/#website"},"datePublished":"2023-02-13T12:56:03+00:00","dateModified":"2025-08-04T16:12:27+00:00","description":"Como probablemente sepas, febrero es el Mes de la Historia Negra en Estados Unidos....","inLanguage":"es","potentialAction":[{"@type":"ReadAction","target":["https:\/\/www.sheffieldhaworth.com\/es\/amplia-tu-comprension-de-la-historia-y-la-cultura-negras\/"]}]},{"@type":"WebSite","@id":"https:\/\/www.sheffieldhaworth.com\/es\/#website","url":"https:\/\/www.sheffieldhaworth.com\/es\/","name":"Sheffield Haworth","description":"Helping organisations and individuals to reach their potential","publisher":{"@id":"https:\/\/www.sheffieldhaworth.com\/es\/#organization"},"potentialAction":[{"@type":"SearchAction","target":{"@type":"EntryPoint","urlTemplate":"https:\/\/www.sheffieldhaworth.com\/es\/?s={search_term_string}"},"query-input":{"@type":"PropertyValueSpecification","valueRequired":true,"valueName":"search_term_string"}}],"inLanguage":"es"},{"@type":"Organization","@id":"https:\/\/www.sheffieldhaworth.com\/es\/#organization","name":"Sheffield Haworth","url":"https:\/\/www.sheffieldhaworth.com\/es\/","logo":{"@type":"ImageObject","inLanguage":"es","@id":"https:\/\/www.sheffieldhaworth.com\/es\/#\/schema\/logo\/image\/","url":"https:\/\/www.sheffieldhaworth.com\/wp-content\/uploads\/2021\/10\/mstile-310x150-1.png","contentUrl":"https:\/\/www.sheffieldhaworth.com\/wp-content\/uploads\/2021\/10\/mstile-310x150-1.png","width":311,"height":151,"caption":"Sheffield Haworth"},"image":{"@id":"https:\/\/www.sheffieldhaworth.com\/es\/#\/schema\/logo\/image\/"},"sameAs":["https:\/\/www.linkedin.com\/company\/sheffield-haworth\/?viewAsMember=true"]},{"@type":"Person","@id":"https:\/\/www.sheffieldhaworth.com\/es\/#\/schema\/person\/6a8fdcb00da3afdbff4cb63efc8be2f0","name":"emberton92f71","image":{"@type":"ImageObject","inLanguage":"es","@id":"https:\/\/secure.gravatar.com\/avatar\/140c25bac9eb57d35054fa81f24703d0c8a5e3c0855dfff4cdaaee04536366bc?s=96&d=mm&r=g","url":"https:\/\/secure.gravatar.com\/avatar\/140c25bac9eb57d35054fa81f24703d0c8a5e3c0855dfff4cdaaee04536366bc?s=96&d=mm&r=g","contentUrl":"https:\/\/secure.gravatar.com\/avatar\/140c25bac9eb57d35054fa81f24703d0c8a5e3c0855dfff4cdaaee04536366bc?s=96&d=mm&r=g","caption":"emberton92f71"}}]}},"_links":{"self":[{"href":"https:\/\/www.sheffieldhaworth.com\/es\/wp-json\/wp\/v2\/posts\/24481","targetHints":{"allow":["GET"]}}],"collection":[{"href":"https:\/\/www.sheffieldhaworth.com\/es\/wp-json\/wp\/v2\/posts"}],"about":[{"href":"https:\/\/www.sheffieldhaworth.com\/es\/wp-json\/wp\/v2\/types\/post"}],"author":[{"embeddable":true,"href":"https:\/\/www.sheffieldhaworth.com\/es\/wp-json\/wp\/v2\/users\/12"}],"replies":[{"embeddable":true,"href":"https:\/\/www.sheffieldhaworth.com\/es\/wp-json\/wp\/v2\/comments?post=24481"}],"version-history":[{"count":0,"href":"https:\/\/www.sheffieldhaworth.com\/es\/wp-json\/wp\/v2\/posts\/24481\/revisions"}],"wp:attachment":[{"href":"https:\/\/www.sheffieldhaworth.com\/es\/wp-json\/wp\/v2\/media?parent=24481"}],"wp:term":[{"taxonomy":"category","embeddable":true,"href":"https:\/\/www.sheffieldhaworth.com\/es\/wp-json\/wp\/v2\/categories?post=24481"},{"taxonomy":"post_tag","embeddable":true,"href":"https:\/\/www.sheffieldhaworth.com\/es\/wp-json\/wp\/v2\/tags?post=24481"}],"curies":[{"name":"wp","href":"https:\/\/api.w.org\/{rel}","templated":true}]}}