{"id":21535,"date":"2021-02-03T12:11:00","date_gmt":"2021-02-03T12:11:00","guid":{"rendered":"https:\/\/www.sheffieldhaworth.com\/nicht-kategorisiert\/sheffield-haworth-webinar-eine-wende-fuer-behinderte-in-der-arbeitswelt\/"},"modified":"2025-04-25T20:09:14","modified_gmt":"2025-04-25T19:09:14","slug":"sheffield-haworth-webinar-eine-wende-fuer-behinderte-in-der-arbeitswelt","status":"publish","type":"post","link":"https:\/\/www.sheffieldhaworth.com\/de\/sheffield-haworth-webinar-eine-wende-fuer-behinderte-in-der-arbeitswelt\/","title":{"rendered":"Sheffield Haworth Webinar: Eine Wende f\u00fcr Behinderte in der Arbeitswelt?"},"content":{"rendered":"\n<p>Sehen Sie, wie unser gesch\u00e4tztes Gremium \u00fcber einige der M\u00f6glichkeiten spricht, die Covid-19 f\u00fcr Menschen mit Behinderungen bietet.<\/p>\n\n<figure class=\"wp-block-embed is-type-rich is-provider-embed-handler wp-block-embed-embed-handler wp-embed-aspect-16-9 wp-has-aspect-ratio\"><div class=\"wp-block-embed__wrapper\">\n<iframe title=\"Sheffield Haworth - A Step change for Disability in the Workforce\" width=\"800\" height=\"450\" src=\"https:\/\/www.youtube.com\/embed\/07DyjxkejjQ?feature=oembed\" frameborder=\"0\" allow=\"accelerometer; autoplay; clipboard-write; encrypted-media; gyroscope; picture-in-picture; web-share\" referrerpolicy=\"strict-origin-when-cross-origin\" allowfullscreen><\/iframe>\n<\/div><\/figure>\n\n<div style=\"height:46px\" aria-hidden=\"true\" class=\"wp-block-spacer\"><\/div>\n\n<h3 class=\"wp-block-heading\"><strong>Unser Panel umfasst:<\/strong><\/h3>\n\n<p><strong>Srin Madipalli<\/strong><\/p>\n\n<div style=\"height:26px\" aria-hidden=\"true\" class=\"wp-block-spacer\"><\/div>\n\r\n<section id=\"\" class=\"bg-wei\u00df pt-0 pb-0 border-top-none border-bottom-none\">\r\n    <div class=\"container\">\r\n    \t<div class=\"row\">\r\n            <div class=\"col-md-12\">\r\n\t\t        <div class=\"row align-items-center\">\r\n\t\t            <div class=\"col-md-7 order-md-2 pl-md-4\" style=\"font-weight:300;font-size: 1.2rem\">\r\n\t\t                \n\n<p><em>Serienunternehmer und ehemaliger Leiter der Abteilung f\u00fcr Barrierefreiheit bei Airbnb, auf Platz 8 der einflussreichsten Personen in The Shaw Disability Power 100<\/em><\/p>\n\n\r\n\t\t        \t<\/div>\r\n\t\t        \t<div class=\"col-md-5 order-md-1 text-center\">\r\n\t\t                <img decoding=\"async\" class=\"responsive-image mt-5 mt-md-0 \" style=\"border-radius: 50%;max-width: 200px;\" src=\"https:\/\/www.sheffieldhaworth.com\/wp-content\/uploads\/2021\/10\/srin-madipalli-150x150-1.png\" alt=\"\" \/>\r\n\t\t                <p><small><\/small><\/p>\r\n\t\t        \t<\/div>\r\n\t\t        <\/div>\r\n\t\t    <\/div>\r\n\t\t<\/div>\r\n    <\/div>\r\n<\/section>\r\n\n<p><\/p>\n\n<p>Srin hat einen MBA-Abschluss in Oxford gemacht, als Unternehmensjurist in einer Magic-Circle-Firma gearbeitet und sich selbst das Programmieren beigebracht, um das Startup Accomable f\u00fcr barrierefreies Reisen zu gr\u00fcnden. Als Airbnb Accomable im Jahr 2017 \u00fcbernahm, kam Srin in die Niederlassung in San Francisco. Sein Team setzt Technologie ein, um die Barrierefreiheit in den Mittelpunkt des Airbnb-Erlebnisses zu stellen. So wurde beispielsweise der alte Suchfilter &#8222;rollstuhlgerecht&#8220; durch 27 Barrierefreiheitsfilter ersetzt, die es den G\u00e4sten leichter machen, Unterk\u00fcnfte zu finden, die ihren individuellen Bed\u00fcrfnissen entsprechen. Srin arbeitet flexibel, um seinem Gesundheitszustand (SMA Typ II) Rechnung zu tragen. Er ist ein viel beachteter \u00f6ffentlicher Redner, der auf Foren wie den Vereinten Nationen, den Paralympics in Rio und dem Tech Inclusion Summit \u00fcber Behinderung und Barrierefreiheit gesprochen hat.    <\/p>\n\n<div style=\"height:46px\" aria-hidden=\"true\" class=\"wp-block-spacer\"><\/div>\n\n<p><strong>Mike Sharrock<\/strong><\/p>\n\n<div style=\"height:39px\" aria-hidden=\"true\" class=\"wp-block-spacer\"><\/div>\n\r\n<section id=\"\" class=\"bg-wei\u00df pt-0 pb-0 border-top-none border-bottom-none\">\r\n    <div class=\"container\">\r\n    \t<div class=\"row\">\r\n            <div class=\"col-md-12\">\r\n\t\t        <div class=\"row align-items-center\">\r\n\t\t            <div class=\"col-md-7 order-md-2 pl-md-4\" style=\"font-weight:300;font-size: 1.2rem\">\r\n\t\t                \n\n<p><em>CEO British Paralympic Association, zuvor internationale F\u00fchrungskraft bei BP und Leadership Coach<\/em><\/p>\n\n\r\n\t\t        \t<\/div>\r\n\t\t        \t<div class=\"col-md-5 order-md-1 text-center\">\r\n\t\t                <img decoding=\"async\" class=\"responsive-image mt-5 mt-md-0 \" style=\"border-radius: 50%;max-width: 200px;\" src=\"https:\/\/www.sheffieldhaworth.com\/wp-content\/uploads\/2021\/10\/Mike.png\" alt=\"\" \/>\r\n\t\t                <p><small><\/small><\/p>\r\n\t\t        \t<\/div>\r\n\t\t        <\/div>\r\n\t\t    <\/div>\r\n\t\t<\/div>\r\n    <\/div>\r\n<\/section>\r\n\n<p><\/p>\n\n<p>Mike Sharrock ist der Vorstandsvorsitzende der British Paralympic Association (BPA). Mike Sharrock war 30 Jahre lang im internationalen Gesch\u00e4ft von BP t\u00e4tig, unter anderem als Oil Director Vietnam, Retail Director Niederlande und Managing Director Benelux. Er leitete die Tier-1-Partnerschaft von BP mit den Olympischen und Paralympischen Spielen in London 2012 und mit den Commonwealth Games in Glasgow 2014. Seit er BP verlassen hat, arbeitet Mike als qualifizierter Executive Coach mit f\u00fchrenden Institutionen und Unternehmen, darunter das Internationale Paralympische Komitee.   <\/p>\n\n<div style=\"height:48px\" aria-hidden=\"true\" class=\"wp-block-spacer\"><\/div>\n\n<p><strong>Toby Mildon<\/strong><\/p>\n\n<div style=\"height:39px\" aria-hidden=\"true\" class=\"wp-block-spacer\"><\/div>\n\r\n<section id=\"\" class=\"bg-wei\u00df pt-0 pb-0 border-top-none border-bottom-none\">\r\n    <div class=\"container\">\r\n    \t<div class=\"row\">\r\n            <div class=\"col-md-12\">\r\n\t\t        <div class=\"row align-items-center\">\r\n\t\t            <div class=\"col-md-7 order-md-2 pl-md-4\" style=\"font-weight:300;font-size: 1.2rem\">\r\n\t\t                \n\n<p><em>Architektin f\u00fcr Diversit\u00e4t und Integration und Gr\u00fcnderin von Mildon, zuvor D&amp;I-Managerin bei Deloitte und BBC<\/em><\/p>\n\n\r\n\t\t        \t<\/div>\r\n\t\t        \t<div class=\"col-md-5 order-md-1 text-center\">\r\n\t\t                <img decoding=\"async\" class=\"responsive-image mt-5 mt-md-0 \" style=\"border-radius: 50%;max-width: 200px;\" src=\"https:\/\/www.sheffieldhaworth.com\/wp-content\/uploads\/2021\/10\/toby-2-150x150-1.png\" alt=\"\" \/>\r\n\t\t                <p><small><\/small><\/p>\r\n\t\t        \t<\/div>\r\n\t\t        <\/div>\r\n\t\t    <\/div>\r\n\t\t<\/div>\r\n    <\/div>\r\n<\/section>\r\n\n<p><\/p>\n\n<p>Toby Mildon ist Diversity &amp; Inclusion Architect und Gr\u00fcnder von Mildon, einem Beratungs- und Consultingunternehmen. Toby arbeitet mit Unternehmen zusammen, um Prozesse und Systeme umzugestalten, um die Auswirkungen von Vorurteilen zu minimieren und eine Kultur der Integration aufzubauen. Bevor er sein Unternehmen gr\u00fcndete, arbeitete Toby als interner Diversity &amp; Inclusion Manager bei der BBC und Deloitte.  <\/p>\n\n<div style=\"height:42px\" aria-hidden=\"true\" class=\"wp-block-spacer\"><\/div>\n\n<p><strong>Caroline Casey<\/strong><\/p>\n\n<div style=\"height:33px\" aria-hidden=\"true\" class=\"wp-block-spacer\"><\/div>\n\r\n<section id=\"\" class=\"bg-wei\u00df pt-0 pb-0 border-top-none border-bottom-none\">\r\n    <div class=\"container\">\r\n    \t<div class=\"row\">\r\n            <div class=\"col-md-12\">\r\n\t\t        <div class=\"row align-items-center\">\r\n\t\t            <div class=\"col-md-7 order-md-2 pl-md-4\" style=\"font-weight:300;font-size: 1.2rem\">\r\n\t\t                \n\n<p> <em>Gr\u00fcnder &amp; Sch\u00f6pfer von The Valuable 500 und preisgekr\u00f6nter Sozialunternehmer<\/em> <\/p>\n\n\r\n\t\t        \t<\/div>\r\n\t\t        \t<div class=\"col-md-5 order-md-1 text-center\">\r\n\t\t                <img decoding=\"async\" class=\"responsive-image mt-5 mt-md-0 \" style=\"border-radius: 50%;max-width: 200px;\" src=\"https:\/\/www.sheffieldhaworth.com\/wp-content\/uploads\/2021\/10\/caroline-2.png\" alt=\"\" \/>\r\n\t\t                <p><small><\/small><\/p>\r\n\t\t        \t<\/div>\r\n\t\t        <\/div>\r\n\t\t    <\/div>\r\n\t\t<\/div>\r\n    <\/div>\r\n<\/section>\r\n\n<p><em>Gr\u00fcnder &amp; Sch\u00f6pfer von The Valuable 500 und preisgekr\u00f6nter Sozialunternehmer<\/em><\/p>\n\n<p>Caroline Casey ist eine preisgekr\u00f6nte Sozialunternehmerin. Sie hat sich dem Aufbau einer globalen Bewegung f\u00fcr die 1,3 Milliarden Menschen mit Behinderungen auf der Welt verschrieben und in den letzten zwei Jahrzehnten mehrere Organisationen und Initiativen gegr\u00fcndet, die sich mit der Inklusion von Menschen mit Behinderungen besch\u00e4ftigen. Caroline ist au\u00dferdem TED-Sprecherin, Ashoka Fellow, Eisenhower Fellow, ehemalige Beraterin der Clinton Global Initiative, One Young World Counsellor und Young Global Leader des World Economic Forum.  <\/p>\n\n<div style=\"height:50px\" aria-hidden=\"true\" class=\"wp-block-spacer\"><\/div>\n\n<p><strong>Tim Sheffield  <\/strong><\/p>\n\n<div style=\"height:38px\" aria-hidden=\"true\" class=\"wp-block-spacer\"><\/div>\n\r\n<section id=\"\" class=\"bg-wei\u00df pt-0 pb-0 border-top-none border-bottom-none\">\r\n    <div class=\"container\">\r\n    \t<div class=\"row\">\r\n            <div class=\"col-md-12\">\r\n\t\t        <div class=\"row align-items-center\">\r\n\t\t            <div class=\"col-md-7 order-md-2 pl-md-4\" style=\"font-weight:300;font-size: 1.2rem\">\r\n\t\t                \n\n<p><em>Executive Chairman, Sheffield Haworth, Global Consultants in People and Transformational Change<\/em><\/p>\n\n\r\n\t\t        \t<\/div>\r\n\t\t        \t<div class=\"col-md-5 order-md-1 text-center\">\r\n\t\t                <img decoding=\"async\" class=\"responsive-image mt-5 mt-md-0 \" style=\"border-radius: 50%;max-width: 200px;\" src=\"https:\/\/www.sheffieldhaworth.com\/wp-content\/uploads\/2021\/10\/tim-s-150x150-1.png\" alt=\"\" \/>\r\n\t\t                <p><small><\/small><\/p>\r\n\t\t        \t<\/div>\r\n\t\t        <\/div>\r\n\t\t    <\/div>\r\n\t\t<\/div>\r\n    <\/div>\r\n<\/section>\r\n\n<p>Tim spielt eine aktive Rolle bei den globalen Kundenbeziehungen und Branchengremien des Unternehmens. Tim hat Vorstandsvorsitzende, Gesch\u00e4ftsf\u00fchrer, Vorst\u00e4nde, Exekutivaussch\u00fcsse und Personaldirektoren in Bezug auf ihren Bedarf an F\u00fchrungskr\u00e4ften beraten und dabei mit einer Vielzahl von Organisationen in allen Regionen der Welt zusammengearbeitet. In den letzten 30 Jahren war er als Berater f\u00fcr professionelle Dienstleistungen und als Unternehmensleiter t\u00e4tig und ist derzeit Executive Chairman der Sheffield Haworth Group. Er gr\u00fcndete das Unternehmen 1993 und ist f\u00fcr die Leitung und strategische Entwicklung der Gruppe verantwortlich. Nach einer Karriere an den B\u00f6rsen in Sydney, Chicago und London, wo er mit b\u00f6rsengehandelten Derivaten handelte, wechselte Tim 1989 in den Bereich Executive Search. Er studierte Wirtschaft und Finanzen an der Anglia University. Er ist Mitglied des britischen und europ\u00e4ischen Komitees der Association of Executive Search and Leadership Consultants, ein Kuratoriumsmitglied von Spinal Muscular Atrophy UK, einer nationalen Wohlt\u00e4tigkeitsorganisation, und beteiligt sich an der Unterst\u00fctzung von Behindertensportverb\u00e4nden und Investitionen im Behindertensektor.      <\/p>\n","protected":false},"excerpt":{"rendered":"<p>Wie Covid-19 neue M\u00f6glichkeiten geschaffen hat, um diesen dynamischen Talentpool anzuziehen<\/p>\n","protected":false},"author":12,"featured_media":21542,"comment_status":"closed","ping_status":"closed","sticky":false,"template":"","format":"standard","meta":{"_acf_changed":false,"footnotes":""},"categories":[309,310],"tags":[],"class_list":["post-21535","post","type-post","status-publish","format-standard","has-post-thumbnail","hentry","category-einblicke","category-vielfalt-gleichberechtigung-inklusion"],"acf":[],"yoast_head":"<!-- This site is optimized with the Yoast SEO plugin v27.4 - https:\/\/yoast.com\/product\/yoast-seo-wordpress\/ -->\n<title>Sheffield Haworth Webinar: Eine Wende f\u00fcr Behinderte in der Arbeitswelt? - Sheffield Haworth<\/title>\n<meta name=\"description\" content=\"Eine Wende f\u00fcr behinderte Menschen in der Arbeitswelt? Wie Covid-19 neue M\u00f6glichkeiten geschaffen hat, um diesen dynamischen Talentpool anzuziehen.\" \/>\n<meta name=\"robots\" content=\"index, follow, max-snippet:-1, max-image-preview:large, max-video-preview:-1\" \/>\n<link rel=\"canonical\" href=\"https:\/\/www.sheffieldhaworth.com\/de\/sheffield-haworth-webinar-eine-wende-fuer-behinderte-in-der-arbeitswelt\/\" \/>\n<meta property=\"og:locale\" content=\"de_DE\" \/>\n<meta property=\"og:type\" content=\"article\" \/>\n<meta property=\"og:title\" content=\"Sheffield Haworth Webinar: Eine Wende f\u00fcr Behinderte in der Arbeitswelt? - Sheffield Haworth\" \/>\n<meta property=\"og:description\" content=\"Eine Wende f\u00fcr behinderte Menschen in der Arbeitswelt? Wie Covid-19 neue M\u00f6glichkeiten geschaffen hat, um diesen dynamischen Talentpool anzuziehen.\" \/>\n<meta property=\"og:url\" content=\"https:\/\/www.sheffieldhaworth.com\/de\/sheffield-haworth-webinar-eine-wende-fuer-behinderte-in-der-arbeitswelt\/\" \/>\n<meta property=\"og:site_name\" content=\"Sheffield Haworth\" \/>\n<meta property=\"article:published_time\" content=\"2021-02-03T12:11:00+00:00\" \/>\n<meta property=\"article:modified_time\" content=\"2025-04-25T19:09:14+00:00\" \/>\n<meta property=\"og:image\" content=\"https:\/\/www.sheffieldhaworth.com\/wp-content\/uploads\/2021\/10\/3_1920x1080.jpg\" \/>\n\t<meta property=\"og:image:width\" content=\"1920\" \/>\n\t<meta property=\"og:image:height\" content=\"1080\" \/>\n\t<meta property=\"og:image:type\" content=\"image\/jpeg\" \/>\n<meta name=\"author\" content=\"emberton92f71\" \/>\n<meta name=\"twitter:card\" content=\"summary_large_image\" \/>\n<meta name=\"twitter:label1\" content=\"Written by\" \/>\n\t<meta name=\"twitter:data1\" content=\"emberton92f71\" \/>\n\t<meta name=\"twitter:label2\" content=\"Est. reading time\" \/>\n\t<meta name=\"twitter:data2\" content=\"3\u00a0Minuten\" \/>\n<script type=\"application\/ld+json\" class=\"yoast-schema-graph\">{\"@context\":\"https:\\\/\\\/schema.org\",\"@graph\":[{\"@type\":\"Article\",\"@id\":\"https:\\\/\\\/www.sheffieldhaworth.com\\\/de\\\/sheffield-haworth-webinar-eine-wende-fuer-behinderte-in-der-arbeitswelt\\\/#article\",\"isPartOf\":{\"@id\":\"https:\\\/\\\/www.sheffieldhaworth.com\\\/de\\\/sheffield-haworth-webinar-eine-wende-fuer-behinderte-in-der-arbeitswelt\\\/\"},\"author\":{\"name\":\"emberton92f71\",\"@id\":\"https:\\\/\\\/www.sheffieldhaworth.com\\\/de\\\/#\\\/schema\\\/person\\\/6a8fdcb00da3afdbff4cb63efc8be2f0\"},\"headline\":\"Sheffield Haworth Webinar: Eine Wende f\u00fcr Behinderte in der Arbeitswelt?\",\"datePublished\":\"2021-02-03T12:11:00+00:00\",\"dateModified\":\"2025-04-25T19:09:14+00:00\",\"mainEntityOfPage\":{\"@id\":\"https:\\\/\\\/www.sheffieldhaworth.com\\\/de\\\/sheffield-haworth-webinar-eine-wende-fuer-behinderte-in-der-arbeitswelt\\\/\"},\"wordCount\":649,\"publisher\":{\"@id\":\"https:\\\/\\\/www.sheffieldhaworth.com\\\/de\\\/#organization\"},\"image\":{\"@id\":\"https:\\\/\\\/www.sheffieldhaworth.com\\\/de\\\/sheffield-haworth-webinar-eine-wende-fuer-behinderte-in-der-arbeitswelt\\\/#primaryimage\"},\"thumbnailUrl\":\"https:\\\/\\\/www.sheffieldhaworth.com\\\/wp-content\\\/uploads\\\/2021\\\/10\\\/3_1920x1080.jpg\",\"articleSection\":[\"Einblicke\",\"Vielfalt, Gleichberechtigung &amp; Inklusion\"],\"inLanguage\":\"de\"},{\"@type\":\"WebPage\",\"@id\":\"https:\\\/\\\/www.sheffieldhaworth.com\\\/de\\\/sheffield-haworth-webinar-eine-wende-fuer-behinderte-in-der-arbeitswelt\\\/\",\"url\":\"https:\\\/\\\/www.sheffieldhaworth.com\\\/de\\\/sheffield-haworth-webinar-eine-wende-fuer-behinderte-in-der-arbeitswelt\\\/\",\"name\":\"Sheffield Haworth Webinar: Eine Wende f\u00fcr Behinderte in der Arbeitswelt? - Sheffield Haworth\",\"isPartOf\":{\"@id\":\"https:\\\/\\\/www.sheffieldhaworth.com\\\/de\\\/#website\"},\"primaryImageOfPage\":{\"@id\":\"https:\\\/\\\/www.sheffieldhaworth.com\\\/de\\\/sheffield-haworth-webinar-eine-wende-fuer-behinderte-in-der-arbeitswelt\\\/#primaryimage\"},\"image\":{\"@id\":\"https:\\\/\\\/www.sheffieldhaworth.com\\\/de\\\/sheffield-haworth-webinar-eine-wende-fuer-behinderte-in-der-arbeitswelt\\\/#primaryimage\"},\"thumbnailUrl\":\"https:\\\/\\\/www.sheffieldhaworth.com\\\/wp-content\\\/uploads\\\/2021\\\/10\\\/3_1920x1080.jpg\",\"datePublished\":\"2021-02-03T12:11:00+00:00\",\"dateModified\":\"2025-04-25T19:09:14+00:00\",\"description\":\"Eine Wende f\u00fcr behinderte Menschen in der Arbeitswelt? Wie Covid-19 neue M\u00f6glichkeiten geschaffen hat, um diesen dynamischen Talentpool anzuziehen.\",\"inLanguage\":\"de\",\"potentialAction\":[{\"@type\":\"ReadAction\",\"target\":[\"https:\\\/\\\/www.sheffieldhaworth.com\\\/de\\\/sheffield-haworth-webinar-eine-wende-fuer-behinderte-in-der-arbeitswelt\\\/\"]}]},{\"@type\":\"ImageObject\",\"inLanguage\":\"de\",\"@id\":\"https:\\\/\\\/www.sheffieldhaworth.com\\\/de\\\/sheffield-haworth-webinar-eine-wende-fuer-behinderte-in-der-arbeitswelt\\\/#primaryimage\",\"url\":\"https:\\\/\\\/www.sheffieldhaworth.com\\\/wp-content\\\/uploads\\\/2021\\\/10\\\/3_1920x1080.jpg\",\"contentUrl\":\"https:\\\/\\\/www.sheffieldhaworth.com\\\/wp-content\\\/uploads\\\/2021\\\/10\\\/3_1920x1080.jpg\",\"width\":1920,\"height\":1080},{\"@type\":\"WebSite\",\"@id\":\"https:\\\/\\\/www.sheffieldhaworth.com\\\/de\\\/#website\",\"url\":\"https:\\\/\\\/www.sheffieldhaworth.com\\\/de\\\/\",\"name\":\"Sheffield Haworth\",\"description\":\"Organisationen und Einzelpersonen dabei helfen, ihr Potenzial auszusch\u00f6pfen\",\"publisher\":{\"@id\":\"https:\\\/\\\/www.sheffieldhaworth.com\\\/de\\\/#organization\"},\"potentialAction\":[{\"@type\":\"SearchAction\",\"target\":{\"@type\":\"EntryPoint\",\"urlTemplate\":\"https:\\\/\\\/www.sheffieldhaworth.com\\\/de\\\/?s={search_term_string}\"},\"query-input\":{\"@type\":\"PropertyValueSpecification\",\"valueRequired\":true,\"valueName\":\"search_term_string\"}}],\"inLanguage\":\"de\"},{\"@type\":\"Organization\",\"@id\":\"https:\\\/\\\/www.sheffieldhaworth.com\\\/de\\\/#organization\",\"name\":\"Sheffield Haworth\",\"url\":\"https:\\\/\\\/www.sheffieldhaworth.com\\\/de\\\/\",\"logo\":{\"@type\":\"ImageObject\",\"inLanguage\":\"de\",\"@id\":\"https:\\\/\\\/www.sheffieldhaworth.com\\\/de\\\/#\\\/schema\\\/logo\\\/image\\\/\",\"url\":\"https:\\\/\\\/www.sheffieldhaworth.com\\\/wp-content\\\/uploads\\\/2021\\\/10\\\/mstile-310x150-1.png\",\"contentUrl\":\"https:\\\/\\\/www.sheffieldhaworth.com\\\/wp-content\\\/uploads\\\/2021\\\/10\\\/mstile-310x150-1.png\",\"width\":311,\"height\":151,\"caption\":\"Sheffield Haworth\"},\"image\":{\"@id\":\"https:\\\/\\\/www.sheffieldhaworth.com\\\/de\\\/#\\\/schema\\\/logo\\\/image\\\/\"},\"sameAs\":[\"https:\\\/\\\/www.linkedin.com\\\/company\\\/sheffield-haworth\\\/?viewAsMember=true\"]},{\"@type\":\"Person\",\"@id\":\"https:\\\/\\\/www.sheffieldhaworth.com\\\/de\\\/#\\\/schema\\\/person\\\/6a8fdcb00da3afdbff4cb63efc8be2f0\",\"name\":\"emberton92f71\",\"image\":{\"@type\":\"ImageObject\",\"inLanguage\":\"de\",\"@id\":\"https:\\\/\\\/secure.gravatar.com\\\/avatar\\\/140c25bac9eb57d35054fa81f24703d0c8a5e3c0855dfff4cdaaee04536366bc?s=96&d=mm&r=g\",\"url\":\"https:\\\/\\\/secure.gravatar.com\\\/avatar\\\/140c25bac9eb57d35054fa81f24703d0c8a5e3c0855dfff4cdaaee04536366bc?s=96&d=mm&r=g\",\"contentUrl\":\"https:\\\/\\\/secure.gravatar.com\\\/avatar\\\/140c25bac9eb57d35054fa81f24703d0c8a5e3c0855dfff4cdaaee04536366bc?s=96&d=mm&r=g\",\"caption\":\"emberton92f71\"}}]}<\/script>\n<!-- \/ Yoast SEO plugin. -->","yoast_head_json":{"title":"Sheffield Haworth Webinar: Eine Wende f\u00fcr Behinderte in der Arbeitswelt? - Sheffield Haworth","description":"Eine Wende f\u00fcr behinderte Menschen in der Arbeitswelt? Wie Covid-19 neue M\u00f6glichkeiten geschaffen hat, um diesen dynamischen Talentpool anzuziehen.","robots":{"index":"index","follow":"follow","max-snippet":"max-snippet:-1","max-image-preview":"max-image-preview:large","max-video-preview":"max-video-preview:-1"},"canonical":"https:\/\/www.sheffieldhaworth.com\/de\/sheffield-haworth-webinar-eine-wende-fuer-behinderte-in-der-arbeitswelt\/","og_locale":"de_DE","og_type":"article","og_title":"Sheffield Haworth Webinar: Eine Wende f\u00fcr Behinderte in der Arbeitswelt? - Sheffield Haworth","og_description":"Eine Wende f\u00fcr behinderte Menschen in der Arbeitswelt? Wie Covid-19 neue M\u00f6glichkeiten geschaffen hat, um diesen dynamischen Talentpool anzuziehen.","og_url":"https:\/\/www.sheffieldhaworth.com\/de\/sheffield-haworth-webinar-eine-wende-fuer-behinderte-in-der-arbeitswelt\/","og_site_name":"Sheffield Haworth","article_published_time":"2021-02-03T12:11:00+00:00","article_modified_time":"2025-04-25T19:09:14+00:00","og_image":[{"width":1920,"height":1080,"url":"https:\/\/www.sheffieldhaworth.com\/wp-content\/uploads\/2021\/10\/3_1920x1080.jpg","type":"image\/jpeg"}],"author":"emberton92f71","twitter_card":"summary_large_image","twitter_misc":{"Written by":"emberton92f71","Est. reading time":"3\u00a0Minuten"},"schema":{"@context":"https:\/\/schema.org","@graph":[{"@type":"Article","@id":"https:\/\/www.sheffieldhaworth.com\/de\/sheffield-haworth-webinar-eine-wende-fuer-behinderte-in-der-arbeitswelt\/#article","isPartOf":{"@id":"https:\/\/www.sheffieldhaworth.com\/de\/sheffield-haworth-webinar-eine-wende-fuer-behinderte-in-der-arbeitswelt\/"},"author":{"name":"emberton92f71","@id":"https:\/\/www.sheffieldhaworth.com\/de\/#\/schema\/person\/6a8fdcb00da3afdbff4cb63efc8be2f0"},"headline":"Sheffield Haworth Webinar: Eine Wende f\u00fcr Behinderte in der Arbeitswelt?","datePublished":"2021-02-03T12:11:00+00:00","dateModified":"2025-04-25T19:09:14+00:00","mainEntityOfPage":{"@id":"https:\/\/www.sheffieldhaworth.com\/de\/sheffield-haworth-webinar-eine-wende-fuer-behinderte-in-der-arbeitswelt\/"},"wordCount":649,"publisher":{"@id":"https:\/\/www.sheffieldhaworth.com\/de\/#organization"},"image":{"@id":"https:\/\/www.sheffieldhaworth.com\/de\/sheffield-haworth-webinar-eine-wende-fuer-behinderte-in-der-arbeitswelt\/#primaryimage"},"thumbnailUrl":"https:\/\/www.sheffieldhaworth.com\/wp-content\/uploads\/2021\/10\/3_1920x1080.jpg","articleSection":["Einblicke","Vielfalt, Gleichberechtigung &amp; Inklusion"],"inLanguage":"de"},{"@type":"WebPage","@id":"https:\/\/www.sheffieldhaworth.com\/de\/sheffield-haworth-webinar-eine-wende-fuer-behinderte-in-der-arbeitswelt\/","url":"https:\/\/www.sheffieldhaworth.com\/de\/sheffield-haworth-webinar-eine-wende-fuer-behinderte-in-der-arbeitswelt\/","name":"Sheffield Haworth Webinar: Eine Wende f\u00fcr Behinderte in der Arbeitswelt? - Sheffield Haworth","isPartOf":{"@id":"https:\/\/www.sheffieldhaworth.com\/de\/#website"},"primaryImageOfPage":{"@id":"https:\/\/www.sheffieldhaworth.com\/de\/sheffield-haworth-webinar-eine-wende-fuer-behinderte-in-der-arbeitswelt\/#primaryimage"},"image":{"@id":"https:\/\/www.sheffieldhaworth.com\/de\/sheffield-haworth-webinar-eine-wende-fuer-behinderte-in-der-arbeitswelt\/#primaryimage"},"thumbnailUrl":"https:\/\/www.sheffieldhaworth.com\/wp-content\/uploads\/2021\/10\/3_1920x1080.jpg","datePublished":"2021-02-03T12:11:00+00:00","dateModified":"2025-04-25T19:09:14+00:00","description":"Eine Wende f\u00fcr behinderte Menschen in der Arbeitswelt? Wie Covid-19 neue M\u00f6glichkeiten geschaffen hat, um diesen dynamischen Talentpool anzuziehen.","inLanguage":"de","potentialAction":[{"@type":"ReadAction","target":["https:\/\/www.sheffieldhaworth.com\/de\/sheffield-haworth-webinar-eine-wende-fuer-behinderte-in-der-arbeitswelt\/"]}]},{"@type":"ImageObject","inLanguage":"de","@id":"https:\/\/www.sheffieldhaworth.com\/de\/sheffield-haworth-webinar-eine-wende-fuer-behinderte-in-der-arbeitswelt\/#primaryimage","url":"https:\/\/www.sheffieldhaworth.com\/wp-content\/uploads\/2021\/10\/3_1920x1080.jpg","contentUrl":"https:\/\/www.sheffieldhaworth.com\/wp-content\/uploads\/2021\/10\/3_1920x1080.jpg","width":1920,"height":1080},{"@type":"WebSite","@id":"https:\/\/www.sheffieldhaworth.com\/de\/#website","url":"https:\/\/www.sheffieldhaworth.com\/de\/","name":"Sheffield Haworth","description":"Organisationen und Einzelpersonen dabei helfen, ihr Potenzial auszusch\u00f6pfen","publisher":{"@id":"https:\/\/www.sheffieldhaworth.com\/de\/#organization"},"potentialAction":[{"@type":"SearchAction","target":{"@type":"EntryPoint","urlTemplate":"https:\/\/www.sheffieldhaworth.com\/de\/?s={search_term_string}"},"query-input":{"@type":"PropertyValueSpecification","valueRequired":true,"valueName":"search_term_string"}}],"inLanguage":"de"},{"@type":"Organization","@id":"https:\/\/www.sheffieldhaworth.com\/de\/#organization","name":"Sheffield Haworth","url":"https:\/\/www.sheffieldhaworth.com\/de\/","logo":{"@type":"ImageObject","inLanguage":"de","@id":"https:\/\/www.sheffieldhaworth.com\/de\/#\/schema\/logo\/image\/","url":"https:\/\/www.sheffieldhaworth.com\/wp-content\/uploads\/2021\/10\/mstile-310x150-1.png","contentUrl":"https:\/\/www.sheffieldhaworth.com\/wp-content\/uploads\/2021\/10\/mstile-310x150-1.png","width":311,"height":151,"caption":"Sheffield Haworth"},"image":{"@id":"https:\/\/www.sheffieldhaworth.com\/de\/#\/schema\/logo\/image\/"},"sameAs":["https:\/\/www.linkedin.com\/company\/sheffield-haworth\/?viewAsMember=true"]},{"@type":"Person","@id":"https:\/\/www.sheffieldhaworth.com\/de\/#\/schema\/person\/6a8fdcb00da3afdbff4cb63efc8be2f0","name":"emberton92f71","image":{"@type":"ImageObject","inLanguage":"de","@id":"https:\/\/secure.gravatar.com\/avatar\/140c25bac9eb57d35054fa81f24703d0c8a5e3c0855dfff4cdaaee04536366bc?s=96&d=mm&r=g","url":"https:\/\/secure.gravatar.com\/avatar\/140c25bac9eb57d35054fa81f24703d0c8a5e3c0855dfff4cdaaee04536366bc?s=96&d=mm&r=g","contentUrl":"https:\/\/secure.gravatar.com\/avatar\/140c25bac9eb57d35054fa81f24703d0c8a5e3c0855dfff4cdaaee04536366bc?s=96&d=mm&r=g","caption":"emberton92f71"}}]}},"_links":{"self":[{"href":"https:\/\/www.sheffieldhaworth.com\/de\/wp-json\/wp\/v2\/posts\/21535","targetHints":{"allow":["GET"]}}],"collection":[{"href":"https:\/\/www.sheffieldhaworth.com\/de\/wp-json\/wp\/v2\/posts"}],"about":[{"href":"https:\/\/www.sheffieldhaworth.com\/de\/wp-json\/wp\/v2\/types\/post"}],"author":[{"embeddable":true,"href":"https:\/\/www.sheffieldhaworth.com\/de\/wp-json\/wp\/v2\/users\/12"}],"replies":[{"embeddable":true,"href":"https:\/\/www.sheffieldhaworth.com\/de\/wp-json\/wp\/v2\/comments?post=21535"}],"version-history":[{"count":0,"href":"https:\/\/www.sheffieldhaworth.com\/de\/wp-json\/wp\/v2\/posts\/21535\/revisions"}],"wp:featuredmedia":[{"embeddable":true,"href":"https:\/\/www.sheffieldhaworth.com\/de\/wp-json\/wp\/v2\/media\/21542"}],"wp:attachment":[{"href":"https:\/\/www.sheffieldhaworth.com\/de\/wp-json\/wp\/v2\/media?parent=21535"}],"wp:term":[{"taxonomy":"category","embeddable":true,"href":"https:\/\/www.sheffieldhaworth.com\/de\/wp-json\/wp\/v2\/categories?post=21535"},{"taxonomy":"post_tag","embeddable":true,"href":"https:\/\/www.sheffieldhaworth.com\/de\/wp-json\/wp\/v2\/tags?post=21535"}],"curies":[{"name":"wp","href":"https:\/\/api.w.org\/{rel}","templated":true}]}}